{"id":213,"date":"2010-08-11T17:32:07","date_gmt":"2010-08-11T15:32:07","guid":{"rendered":"http:\/\/www.janka.li\/?p=213"},"modified":"2010-08-11T17:32:07","modified_gmt":"2010-08-11T15:32:07","slug":"longlongtimeago","status":"publish","type":"post","link":"https:\/\/www.janka.li\/?p=213","title":{"rendered":"Longlongtimeago"},"content":{"rendered":"<p><a rel=\"attachment wp-att-214\" href=\"http:\/\/www.janka.li\/?attachment_id=214\"><img loading=\"lazy\" decoding=\"async\" class=\"alignleft size-medium wp-image-214\" title=\"DSC_8535\" src=\"http:\/\/www.janka.li\/wp-content\/uploads\/2010\/08\/DSC_8535-199x300.jpg\" alt=\"\" width=\"199\" height=\"300\" \/><\/a>Ihr Lieben<\/p>\n<p>So lange ists schon her, die Zeit vergeht geschwind. In der Zwischenzeit habe ich einige Badewannen vollgew\u00e4ssert mit Tr\u00e4nen und aufgesprungenen Blatern. Die Chemo ist wiedermal ge\u00e4ndert, da der Tumormarker doch nicht wollte und die Nebenwirkungen zu anstrengend waren. Ich konnte fast nicht mehr gehen und meine F\u00fcsse sahen wirklich daneben aus. Die Hitze war unvertr\u00e4glich und ich war sooooooooooo m\u00fcde. Ich musste eine Chemopause von fast f\u00fcnf Wochen machen, damit mein K\u00f6rper wieder abheilen kann. Das war wirklich tschuldigung verschissen. Jeden Tag ein kaltes Oelbad, dass ist zwar nicht so gem\u00fctlich, hat aber uh gut getan. Dann hatte ich wieder Schmerzen in den Beinen und so gings ab in die Bestrahlung. 5 mal in hohen Dosen. Der Strahlungst\u00f6kti hat dann gemeint, dass ich ab jetzt nicht mehr h\u00fcpfen soll. Hmmm? H\u00fcpfen? Was ist dann mit tanzen? Was ist mit Stellungen beim Sex? Ueberhaupt Sex? Und was soll das \u00fcberhaupt? Meine Onkologin hat dann gesagt, ich m\u00fcsse einfach noch warten, bis der Kalk wieder in den Knochen gest\u00e4rkt ist. Und Sex sei kein Thema, da k\u00f6nnen wir machen wie wir wollen. Uffff&#8230;.<\/p>\n<p>Jetzt nehme ich die Chemo mit dem Namen Xeloda, dass ist in Tablettenform. Ich muss sie immer zwei Wochen nehmen, dann eine Woche Pause und dann wieder zwei Wochen und so weiter.<\/p>\n<p>Das ist eine neue Erfahrung, weil das Mittelchen und somit die Krankheit ein St\u00fcck pr\u00e4senter ist und man sich morgens und abends nach dem Essen so 5 Pillen reindr\u00fccken muss. Daf\u00fcr tu ich sie jetzt immer segnen. Die ersten zwei Wochen habe ich nun hinter mir. Zum Hand und Fuss Syndrom, dass bei dieser Chemo auch hochkommt gibt es nun folgenden Tip:<\/p>\n<p>Das Syndrom kommt anscheinend auch wegen dem Schweiss an Hand und Fuss, also muss ich jedesmal wenn meine F\u00fcsse schwitzen, sie kurz waschen und dann das Deo Forte von Spirig draufstreichen.<\/p>\n<p>Ich mach dass jetzt und hoffe das n\u00fctzt. So, auf alle F\u00e4lle bin ich wieder guter Dinge, ausser dass ich wahnsinnig m\u00fcde bin und jeden Tag 12 bis 13 Stunden wie ein Stein schlafe.<\/p>\n<p>Aber ja nu sodehalt.<\/p>\n<p>Es gr\u00fcsst von Herzen<\/p>\n<p>Eure<\/p>\n<p>Janka<\/p>\n","protected":false},"excerpt":{"rendered":"<p>Ihr Lieben So lange ists schon her, die Zeit vergeht geschwind. In der Zwischenzeit habe ich einige Badewannen vollgew\u00e4ssert mit Tr\u00e4nen und aufgesprungenen Blatern. Die Chemo ist wiedermal ge\u00e4ndert, da der Tumormarker doch nicht wollte und die Nebenwirkungen zu anstrengend &hellip; <a href=\"https:\/\/www.janka.li\/?p=213\">Continue reading <span class=\"meta-nav\">&rarr;<\/span><\/a><\/p>\n","protected":false},"author":2,"featured_media":0,"comment_status":"open","ping_status":"open","sticky":false,"template":"","format":"standard","meta":{"jetpack_post_was_ever_published":false,"_jetpack_newsletter_access":"","_jetpack_dont_email_post_to_subs":false,"_jetpack_newsletter_tier_id":0,"_jetpack_memberships_contains_paywalled_content":false,"_jetpack_memberships_contains_paid_content":false,"footnotes":"","jetpack_publicize_message":"","jetpack_publicize_feature_enabled":true,"jetpack_social_post_already_shared":false,"jetpack_social_options":{"image_generator_settings":{"template":"highway","default_image_id":0,"font":"","enabled":false},"version":2}},"categories":[13],"tags":[],"class_list":["post-213","post","type-post","status-publish","format-standard","hentry","category-2010-reise-der-hoffnung"],"jetpack_publicize_connections":[],"jetpack_featured_media_url":"","jetpack_sharing_enabled":true,"jetpack_shortlink":"https:\/\/wp.me\/p1p8Aw-3r","_links":{"self":[{"href":"https:\/\/www.janka.li\/index.php?rest_route=\/wp\/v2\/posts\/213","targetHints":{"allow":["GET"]}}],"collection":[{"href":"https:\/\/www.janka.li\/index.php?rest_route=\/wp\/v2\/posts"}],"about":[{"href":"https:\/\/www.janka.li\/index.php?rest_route=\/wp\/v2\/types\/post"}],"author":[{"embeddable":true,"href":"https:\/\/www.janka.li\/index.php?rest_route=\/wp\/v2\/users\/2"}],"replies":[{"embeddable":true,"href":"https:\/\/www.janka.li\/index.php?rest_route=%2Fwp%2Fv2%2Fcomments&post=213"}],"version-history":[{"count":2,"href":"https:\/\/www.janka.li\/index.php?rest_route=\/wp\/v2\/posts\/213\/revisions"}],"predecessor-version":[{"id":216,"href":"https:\/\/www.janka.li\/index.php?rest_route=\/wp\/v2\/posts\/213\/revisions\/216"}],"wp:attachment":[{"href":"https:\/\/www.janka.li\/index.php?rest_route=%2Fwp%2Fv2%2Fmedia&parent=213"}],"wp:term":[{"taxonomy":"category","embeddable":true,"href":"https:\/\/www.janka.li\/index.php?rest_route=%2Fwp%2Fv2%2Fcategories&post=213"},{"taxonomy":"post_tag","embeddable":true,"href":"https:\/\/www.janka.li\/index.php?rest_route=%2Fwp%2Fv2%2Ftags&post=213"}],"curies":[{"name":"wp","href":"https:\/\/api.w.org\/{rel}","templated":true}]}}